{"id":2667,"date":"2024-12-04T15:42:47","date_gmt":"2024-12-04T14:42:47","guid":{"rendered":"https:\/\/saleses.org\/?p=2667"},"modified":"2024-12-09T10:56:11","modified_gmt":"2024-12-09T09:56:11","slug":"la-junta-directiva-un-organ-estrategic-fonamental","status":"publish","type":"post","link":"https:\/\/saleses.org\/ca\/la-junta-directiva-un-organ-estrategic-fonamental\/","title":{"rendered":"La Junta Directiva, un \u00f2rgan estrat\u00e8gic fonamental"},"content":{"rendered":"<p>A l\u2019Associaci\u00f3 Saleses, la Junta Directiva exerceix un paper fonamental per garantir el bon funcionament de l\u2019entitat, i per extensi\u00f3, el benestar de les persones grans que atenem als nostres centres. Parlem d\u2019un \u00f2rgan que lidera l\u2019entitat amb comprom\u00eds, professionalitat i visi\u00f3 de present i futur, treballant de manera incansable per mantenir els est\u00e0ndards de m\u00e0xima qualitat dels nostres serveis.<\/p>\n<p>La Junta \u00e9s l\u2019eix vertebrador de l\u2019entitat, responsable de definir i implementar les estrat\u00e8gies que n\u2019asseguren el creixement i la sostenibilitat. I existeix des del mateix naixement de l\u2019entitat. La conformen un grup de persones que, <strong>de forma totalment volunt\u00e0ria<\/strong>, vetllen per l\u2019entitat a partir de la seva pr\u00f2pia experi\u00e8ncia i la il\u00b7lusi\u00f3 per impulsar el projecte. En l\u2019actualitat, la Junta Directiva de Saleses la formen el tresorer, <strong>Ram\u00f3n Capdevila<\/strong>; la vocal, <strong>Pilar Fern\u00e1ndez<\/strong>; i l\u2019encap\u00e7ala la presidenta, <strong>Teresa Codina<\/strong>, que porta m\u00e9s d\u2019una vintena d\u2019anys al c\u00e0rrec. A m\u00e9s, la Junta compta amb dues persones que exerceixen de figures de suport.<\/p>\n<p>Tots ells es troben un cop al mes, com a norma general, tot i que en funci\u00f3 del cas i de les necessitats tamb\u00e9 es duen a terme trobades monogr\u00e0fiques sobre aspectes concrets que conv\u00e9 tractar.<\/p>\n<p>\u201cDes d\u2019un esperit voluntari i altruista, les persones que formem la Junta treballem perqu\u00e8 Saleses, aquest projecte que ens estimem tots tant, funcioni el millor possible i continu\u00ef creixent. Per aix\u00f2, tamb\u00e9 des de la Junta tenim molt en compte els valors que defineixen l\u2019entitat, com el respecte, el benestar, la inclusi\u00f3 i la proximitat, que guien les nostres decisions i les accions que prenem en el dia a dia\u201d, explica la presidenta, Teresa Codina.<\/p>\n<p><strong>De la gesti\u00f3 econ\u00f2mica a l\u2019administraci\u00f3<\/strong><\/p>\n<p><span style=\"font-weight: 400;\">Entre altres funcions, la Junta fiscalitza i supervisa el paper del director i de tot l\u2019equip professional per tal de vetllar per la correcta execuci\u00f3 dels serveis que es presten als residents. A m\u00e9s, la gesti\u00f3 econ\u00f2mica tamb\u00e9 \u00e9s una part important que implica fer un control de l\u2019estat dels comptes i de les despeses, aix\u00ed com l\u2019elaboraci\u00f3 de pressupostos. Per\u00f2, des de la Junta, tamb\u00e9 s\u2019efectuen moltes altres funcions, com q\u00fcestions administratives i relacions institucionals amb altres agents del sector, tamb\u00e9 molt importants.\u00a0<\/span><\/p>\n<p><span style=\"font-weight: 400;\">Tamb\u00e9 se celebra una Assemblea General Ordin\u00e0ria un cop l\u2019any, enfocada als socis \u2013 actualment n\u2019hi ha una seixantena de registrats \u2013 i una altra dedicada als treballadors, on es dona a tots ells un balan\u00e7 general de l\u2019any.\u00a0<\/span><\/p>\n<p><span style=\"font-weight: 400;\">La Junta Directiva \u00e9s, en definitiva, <\/span><b>un \u00f2rgan que enriqueix l\u2019entitat i fomenta la participaci\u00f3 activa dels seus membres<\/b><span style=\"font-weight: 400;\">, escoltant idees, inquietuds i suggeriments. Perqu\u00e8 el seu treball no nom\u00e9s t\u00e9 un impacte en el present, sin\u00f3 sobretot en la construcci\u00f3 de les bases que han de marcar el futur de l\u2019associaci\u00f3 i els seus residents. I per aix\u00f2, sempre \u00e9s necessari comptar amb noves persones que vulguin contribuir al creixement de l\u2019entitat. Si \u00e9s el teu cas, i en\u00a0 vols formar part, t\u2019animem a posar-te en contacte amb nosaltres per correu electr\u00f2nic o per tel\u00e8fon.<\/span><\/p>\n<p>\ud83d\udce9 info@saleses.org<\/p>\n<p>\ud83d\udcde 610 21 66 18<\/p>\n","protected":false},"excerpt":{"rendered":"<p>A l\u2019Associaci\u00f3 Saleses, la Junta Directiva exerceix un paper fonamental per garantir el bon funcionament de l\u2019entitat, i per extensi\u00f3, el benestar de les persones grans que atenem als nostres centres. Parlem d\u2019un \u00f2rgan que lidera l\u2019entitat amb comprom\u00eds, professionalitat i visi\u00f3 de present i futur, treballant de manera incansable per mantenir els est\u00e0ndards de [&hellip;]<\/p>\n","protected":false},"author":2,"featured_media":2669,"comment_status":"open","ping_status":"open","sticky":false,"template":"","format":"standard","meta":{"footnotes":""},"categories":[4],"tags":[],"class_list":["post-2667","post","type-post","status-publish","format-standard","has-post-thumbnail","hentry","category-noticies"],"_links":{"self":[{"href":"https:\/\/saleses.org\/ca\/wp-json\/wp\/v2\/posts\/2667","targetHints":{"allow":["GET"]}}],"collection":[{"href":"https:\/\/saleses.org\/ca\/wp-json\/wp\/v2\/posts"}],"about":[{"href":"https:\/\/saleses.org\/ca\/wp-json\/wp\/v2\/types\/post"}],"author":[{"embeddable":true,"href":"https:\/\/saleses.org\/ca\/wp-json\/wp\/v2\/users\/2"}],"replies":[{"embeddable":true,"href":"https:\/\/saleses.org\/ca\/wp-json\/wp\/v2\/comments?post=2667"}],"version-history":[{"count":5,"href":"https:\/\/saleses.org\/ca\/wp-json\/wp\/v2\/posts\/2667\/revisions"}],"predecessor-version":[{"id":2677,"href":"https:\/\/saleses.org\/ca\/wp-json\/wp\/v2\/posts\/2667\/revisions\/2677"}],"wp:featuredmedia":[{"embeddable":true,"href":"https:\/\/saleses.org\/ca\/wp-json\/wp\/v2\/media\/2669"}],"wp:attachment":[{"href":"https:\/\/saleses.org\/ca\/wp-json\/wp\/v2\/media?parent=2667"}],"wp:term":[{"taxonomy":"category","embeddable":true,"href":"https:\/\/saleses.org\/ca\/wp-json\/wp\/v2\/categories?post=2667"},{"taxonomy":"post_tag","embeddable":true,"href":"https:\/\/saleses.org\/ca\/wp-json\/wp\/v2\/tags?post=2667"}],"curies":[{"name":"wp","href":"https:\/\/api.w.org\/{rel}","templated":true}]}}