{"id":2706,"date":"2025-04-03T13:35:00","date_gmt":"2025-04-03T11:35:00","guid":{"rendered":"https:\/\/saleses.org\/?p=2706"},"modified":"2025-04-03T13:39:45","modified_gmt":"2025-04-03T11:39:45","slug":"lassociacio-saleses-beneficiaria-dels-fons-daccio-social-de-la-sagrada-familia","status":"publish","type":"post","link":"https:\/\/saleses.org\/ca\/lassociacio-saleses-beneficiaria-dels-fons-daccio-social-de-la-sagrada-familia\/","title":{"rendered":"L\u2019Associaci\u00f3 Saleses, benefici\u00e0ria dels Fons d\u2019Acci\u00f3 Social de la Sagrada Fam\u00edlia"},"content":{"rendered":"<p>Ens fa molta il\u00b7lusi\u00f3 compartir una not\u00edcia que omple de sentit la nostra tasca i ens dona for\u00e7a per continuar-la amb m\u00e9s comprom\u00eds que mai: l\u2019Associaci\u00f3 Saleses ha estat una de les entitats benefici\u00e0ries dels Fons d\u2019Acci\u00f3 Social de la Sagrada Fam\u00edlia. En la seva segona convocat\u00f2ria (corresponent al 2024), ha augmentat un 50% la seva dotaci\u00f3 pressupost\u00e0ria per arribar als 3,5 milions d\u2019euros i ha finan\u00e7at 94 projectes.<\/p>\n<p>Aquests fons, impulsats pel <strong>Patronat de la Junta Constructora de la Sagrada Fam\u00edlia<\/strong>, neixen amb una voluntat clara de servei a les persones i col\u00b7lectius m\u00e9s vulnerables de l\u2019Arxidi\u00f2cesi de Barcelona i van dirigits a entitats socials i del tercer sector. Es tracta d\u2019un projecte arrelat en els <strong>valors de comunitat, equitat i solidaritat<\/strong>, i que s\u2019inspira en <strong>l\u2019esperit de Gaud\u00ed<\/strong>, en la seva sensibilitat cap a les persones i en la seva manera d\u2019entendre l\u2019arquitectura com un espai al servei de la vida i de la dignitat humana.<\/p>\n<p>Una mirada que, des de l\u2019Associaci\u00f3 Saleses, compartim plenament. Treballem dia a dia per oferir una atenci\u00f3 centrada en la persona, amb proximitat, respecte i estima. Ens agrada dir que <strong>a Saleses no nom\u00e9s cuidem, sin\u00f3 que acompanyem<\/strong>. I ho fem des d\u2019una relaci\u00f3 de confian\u00e7a i familiaritat, creant un entorn on les persones grans se sentin valorades, escoltades i acollides com a casa.<\/p>\n<p>Aquest reconeixement no nom\u00e9s ens omple d\u2019orgull, sin\u00f3 que tamb\u00e9 representa una empenta per continuar avan\u00e7ant en la nostra missi\u00f3: <strong>cuidar amb calidesa i humanitat, posant sempre la persona al centre<\/strong>. El suport del Fons d\u2019Acci\u00f3 Social ens permetr\u00e0 enfortir projectes que posen el focus en l\u2019atenci\u00f3 integral, la inclusi\u00f3 i la millora de la qualitat de vida de les persones que atenem.<\/p>\n<p>Volem agrair, de tot cor, al comit\u00e8 t\u00e8cnic i al jurat de la convocat\u00f2ria per haver valorat la nostra proposta i haver confiat en la feina que fem des de fa m\u00e9s de 40 anys. Tamb\u00e9 agra\u00efm a totes les persones que fan possible que la nostra entitat sigui un espai viu, acollidor i comprom\u00e8s: treballadores, volunt\u00e0ries, fam\u00edlies i, molt especialment, les persones grans.<\/p>\n<p>Rebre aquest suport ens connecta amb un <strong>teixit d\u2019iniciatives que treballen, com nosaltres, per construir una societat m\u00e9s humana, justa i solid\u00e0ria<\/strong>. Ens sentim part d\u2019aquesta xarxa i ens comprometem a continuar sembrant vincles, confian\u00e7a i benestar.<\/p>\n<p>A l\u2019Associaci\u00f3 Saleses, creiem que cada gest compta i que les grans transformacions comencen amb petites accions carregades de sentit. I reconeixements com aquest ens recorden que anem pel bon cam\u00ed.<\/p>\n<p>Gr\u00e0cies per caminar amb nosaltres.<\/p>\n","protected":false},"excerpt":{"rendered":"<p>Ens fa molta il\u00b7lusi\u00f3 compartir una not\u00edcia que omple de sentit la nostra tasca i ens dona for\u00e7a per continuar-la amb m\u00e9s comprom\u00eds que mai: l\u2019Associaci\u00f3 Saleses ha estat una de les entitats benefici\u00e0ries dels Fons d\u2019Acci\u00f3 Social de la Sagrada Fam\u00edlia. En la seva segona convocat\u00f2ria (corresponent al 2024), ha augmentat un 50% la [&hellip;]<\/p>\n","protected":false},"author":2,"featured_media":2707,"comment_status":"open","ping_status":"open","sticky":false,"template":"","format":"standard","meta":{"footnotes":""},"categories":[4],"tags":[19,36,37,18],"class_list":["post-2706","post","type-post","status-publish","format-standard","has-post-thumbnail","hentry","category-noticies","tag-associacio-saleses","tag-fons-daccio-social","tag-sagrada-familia","tag-saleses"],"_links":{"self":[{"href":"https:\/\/saleses.org\/ca\/wp-json\/wp\/v2\/posts\/2706","targetHints":{"allow":["GET"]}}],"collection":[{"href":"https:\/\/saleses.org\/ca\/wp-json\/wp\/v2\/posts"}],"about":[{"href":"https:\/\/saleses.org\/ca\/wp-json\/wp\/v2\/types\/post"}],"author":[{"embeddable":true,"href":"https:\/\/saleses.org\/ca\/wp-json\/wp\/v2\/users\/2"}],"replies":[{"embeddable":true,"href":"https:\/\/saleses.org\/ca\/wp-json\/wp\/v2\/comments?post=2706"}],"version-history":[{"count":3,"href":"https:\/\/saleses.org\/ca\/wp-json\/wp\/v2\/posts\/2706\/revisions"}],"predecessor-version":[{"id":2734,"href":"https:\/\/saleses.org\/ca\/wp-json\/wp\/v2\/posts\/2706\/revisions\/2734"}],"wp:featuredmedia":[{"embeddable":true,"href":"https:\/\/saleses.org\/ca\/wp-json\/wp\/v2\/media\/2707"}],"wp:attachment":[{"href":"https:\/\/saleses.org\/ca\/wp-json\/wp\/v2\/media?parent=2706"}],"wp:term":[{"taxonomy":"category","embeddable":true,"href":"https:\/\/saleses.org\/ca\/wp-json\/wp\/v2\/categories?post=2706"},{"taxonomy":"post_tag","embeddable":true,"href":"https:\/\/saleses.org\/ca\/wp-json\/wp\/v2\/tags?post=2706"}],"curies":[{"name":"wp","href":"https:\/\/api.w.org\/{rel}","templated":true}]}}