{"id":2715,"date":"2025-05-07T09:20:03","date_gmt":"2025-05-07T07:20:03","guid":{"rendered":"https:\/\/saleses.org\/?p=2715"},"modified":"2025-05-07T09:20:03","modified_gmt":"2025-05-07T07:20:03","slug":"mites-i-realitats-de-les-residencies-de-gent-gran","status":"publish","type":"post","link":"https:\/\/saleses.org\/ca\/mites-i-realitats-de-les-residencies-de-gent-gran\/","title":{"rendered":"Mites i realitats de les resid\u00e8ncies de gent gran"},"content":{"rendered":"<p>En els darrers anys, les resid\u00e8ncies per a gent gran han estat sovint al centre del debat p\u00fablic. Malauradament, aquest debat no sempre reflecteix fidelment la realitat de molts centres, com \u00e9s el cas de l\u2019Associaci\u00f3 Saleses. Encara avui hi ha una s\u00e8rie de mites i frases fetes que circulen amb facilitat i que no fan just\u00edcia a la feina, el comprom\u00eds i l\u2019acompanyament que oferim des de l\u2019atenci\u00f3 residencial.<\/p>\n<p><strong>\u201cUna resid\u00e8ncia \u00e9s un lloc trist\u201d<\/strong><br \/>\nAquest \u00e9s potser un dels t\u00f2pics m\u00e9s estesos. A Saleses, cada dia \u00e9s una oportunitat per compartir, crear, aprendre i, sobretot, viure. Organitzem activitats l\u00fadiques, sortides, tallers, celebracions i espais d\u2019escolta i relaci\u00f3. Hi ha moments per riure, per emocionar-se i, tamb\u00e9, per descansar, per\u00f2 <strong>el que no hi falta mai \u00e9s calidesa i vida compartida<\/strong>.<\/p>\n<p><strong>\u201cA les resid\u00e8ncies la gent perd autonomia\u201d<\/strong><br \/>\nLa realitat \u00e9s just la contr\u00e0ria. Una de les nostres prioritats \u00e9s <strong>fomentar al m\u00e0xim l\u2019autonomia personal<\/strong>, respectant els ritmes, les prefer\u00e8ncies i les capacitats de cada resident. A trav\u00e9s de l\u2019atenci\u00f3 centrada en la persona, el treball interdisciplinari i els suports necessaris, afavorim que cada resident pugui continuar decidint, participant i mantenint el control sobre la seva vida quotidiana.<\/p>\n<p><strong>\u201cQuan alg\u00fa entra en una resid\u00e8ncia, la fam\u00edlia s\u2019allunya\u201d<\/strong><br \/>\nA Saleses, la fam\u00edlia forma part activa del dia a dia i \u00e9s una part que considerem absolutament fonamental. <strong>Les visites sempre s\u00f3n benvingudes<\/strong>, la comunicaci\u00f3 \u00e9s constant i el vincle es mant\u00e9 \u2014i sovint es refor\u00e7a\u2014 gr\u00e0cies a un entorn segur, de confian\u00e7a i amb una atenci\u00f3 professional i humana. Entenem que la cura \u00e9s una responsabilitat compartida, i acompanyem tamb\u00e9 emocionalment a les fam\u00edlies.<\/p>\n<p>Altres frases que hem sentit sovint s\u00f3n \u201c<strong>tots fan el mateix<\/strong>\u201d, \u201c<strong>es menja sempre el mateix<\/strong>\u201d o \u201c<strong>no hi ha intimitat<\/strong>\u201d. A Saleses, cada persona \u00e9s \u00fanica, i aix\u00ed ho fem sentir. Oferim men\u00fas personalitzats, activitats diverses adaptades a interessos i capacitats, i espais privats que garanteixen la dignitat i la privacitat en tot moment, seguint el model d\u2019unitats de conviv\u00e8ncia.<\/p>\n<p>Les resid\u00e8ncies s\u00f3n, avui dia, un recurs clau en la cura de la gent gran. Lluny de ser un \u00faltim pas, <strong>s\u00f3n espais on es pot continuar vivint amb qualitat, seguretat i afecte<\/strong>. Des de Saleses, reivindiquem aquesta mirada i treballem cada dia per trencar estereotips.<\/p>\n<p>A l\u2019hora d\u2019escollir una resid\u00e8ncia, \u00e9s important tenir-ho tot en compte: que implementin un model d\u2019atenci\u00f3 centrada en la persona, que tinguin unitats de conviv\u00e8ncia petites, que ofereixin un programa d\u2019activitats divers. I visitar la resid\u00e8ncia abans de demanar la pla\u00e7a.<\/p>\n<p>Perqu\u00e8 cuidar b\u00e9 \u00e9s tamb\u00e9 explicar b\u00e9 qu\u00e8 fem i com ho fem.<\/p>\n","protected":false},"excerpt":{"rendered":"<p>En els darrers anys, les resid\u00e8ncies per a gent gran han estat sovint al centre del debat p\u00fablic. Malauradament, aquest debat no sempre reflecteix fidelment la realitat de molts centres, com \u00e9s el cas de l\u2019Associaci\u00f3 Saleses. Encara avui hi ha una s\u00e8rie de mites i frases fetes que circulen amb facilitat i que no [&hellip;]<\/p>\n","protected":false},"author":2,"featured_media":2717,"comment_status":"open","ping_status":"open","sticky":false,"template":"","format":"standard","meta":{"footnotes":""},"categories":[4],"tags":[19,18],"class_list":["post-2715","post","type-post","status-publish","format-standard","has-post-thumbnail","hentry","category-noticies","tag-associacio-saleses","tag-saleses"],"_links":{"self":[{"href":"https:\/\/saleses.org\/ca\/wp-json\/wp\/v2\/posts\/2715","targetHints":{"allow":["GET"]}}],"collection":[{"href":"https:\/\/saleses.org\/ca\/wp-json\/wp\/v2\/posts"}],"about":[{"href":"https:\/\/saleses.org\/ca\/wp-json\/wp\/v2\/types\/post"}],"author":[{"embeddable":true,"href":"https:\/\/saleses.org\/ca\/wp-json\/wp\/v2\/users\/2"}],"replies":[{"embeddable":true,"href":"https:\/\/saleses.org\/ca\/wp-json\/wp\/v2\/comments?post=2715"}],"version-history":[{"count":1,"href":"https:\/\/saleses.org\/ca\/wp-json\/wp\/v2\/posts\/2715\/revisions"}],"predecessor-version":[{"id":2719,"href":"https:\/\/saleses.org\/ca\/wp-json\/wp\/v2\/posts\/2715\/revisions\/2719"}],"wp:featuredmedia":[{"embeddable":true,"href":"https:\/\/saleses.org\/ca\/wp-json\/wp\/v2\/media\/2717"}],"wp:attachment":[{"href":"https:\/\/saleses.org\/ca\/wp-json\/wp\/v2\/media?parent=2715"}],"wp:term":[{"taxonomy":"category","embeddable":true,"href":"https:\/\/saleses.org\/ca\/wp-json\/wp\/v2\/categories?post=2715"},{"taxonomy":"post_tag","embeddable":true,"href":"https:\/\/saleses.org\/ca\/wp-json\/wp\/v2\/tags?post=2715"}],"curies":[{"name":"wp","href":"https:\/\/api.w.org\/{rel}","templated":true}]}}