{"id":2710,"date":"2025-04-03T13:35:00","date_gmt":"2025-04-03T11:35:00","guid":{"rendered":"https:\/\/saleses.org\/lassociacio-saleses-beneficiaria-dels-fons-daccio-social-de-la-sagrada-familia\/"},"modified":"2025-04-03T13:39:30","modified_gmt":"2025-04-03T11:39:30","slug":"lassociacio-saleses-beneficiaria-dels-fons-daccio-social-de-la-sagrada-familia","status":"publish","type":"post","link":"https:\/\/saleses.org\/es\/lassociacio-saleses-beneficiaria-dels-fons-daccio-social-de-la-sagrada-familia\/","title":{"rendered":"La Associaci\u00f3 Saleses, beneficiaria de los Fondos de Acci\u00f3n Social de la Sagrada Familia"},"content":{"rendered":"<p>Nos hace mucha ilusi\u00f3n compartir una noticia que da sentido a nuestra labor y nos impulsa a continuarla con m\u00e1s compromiso que nunca: la Associaci\u00f3 Saleses ha sido una de las entidades beneficiarias de los Fondos de Acci\u00f3n Social de la Sagrada Familia. En su segunda convocatoria (correspondiente a 2024), el fondo ha aumentado un 50% su dotaci\u00f3n presupuestaria, alcanzando los 3,5 millones de euros y financiando 94 proyectos.<\/p>\n<p>Estos fondos, impulsados por el <strong>Patronato de la Junta Constructora de la Sagrada Familia<\/strong>, nacen con una clara voluntad de servicio a las personas y colectivos m\u00e1s vulnerables de la Archidi\u00f3cesis de Barcelona, y est\u00e1n dirigidos a entidades sociales y del tercer sector. Se trata de un proyecto arraigado en los <strong>valores de comunidad, equidad y solidaridad<\/strong>, que se inspira en el <strong>esp\u00edritu de Gaud\u00ed<\/strong>, en su sensibilidad hacia las personas y en su forma de entender la arquitectura como un espacio al servicio de la vida y de la dignidad humana.<\/p>\n<p>Una<span style=\"font-weight: 400;\">\u00a0mirada que, desde la Associaci\u00f3 Saleses, compartimos plenamente. Trabajamos d\u00eda a d\u00eda para ofrecer una atenci\u00f3n centrada en la persona, con cercan\u00eda, respeto y afecto. Nos gusta decir que <\/span><b>en Saleses no solo cuidamos, sino que acompa\u00f1amos<\/b><span style=\"font-weight: 400;\">. Y lo hacemos desde una relaci\u00f3n de confianza y familiaridad, creando un entorno donde las personas mayores se sientan valoradas, escuchadas y acogidas como en casa.<\/span><\/p>\n<p><span style=\"font-weight: 400;\">Este reconocimiento no solo nos llena de orgullo, sino que tambi\u00e9n representa un impulso para seguir avanzando en nuestra misi\u00f3n: <\/span><b>cuidar con calidez y humanidad, poniendo siempre a la persona en el centro<\/b><span style=\"font-weight: 400;\">. El apoyo del Fondo de Acci\u00f3n Social nos permitir\u00e1 reforzar proyectos que ponen el foco en la atenci\u00f3n integral, la inclusi\u00f3n y la mejora de la calidad de vida de las personas que atendemos.<\/span><\/p>\n<p><span style=\"font-weight: 400;\">Queremos agradecer de todo coraz\u00f3n al comit\u00e9 t\u00e9cnico y al jurado de la convocatoria por haber valorado nuestra propuesta y haber confiado en el trabajo que realizamos desde hace m\u00e1s de 40 a\u00f1os. Tambi\u00e9n agradecemos a todas las personas que hacen posible que nuestra entidad sea un espacio vivo, acogedor y comprometido: trabajadoras, voluntarias, familias y, muy especialmente, las personas mayores.<\/span><\/p>\n<p><span style=\"font-weight: 400;\">Recibir este apoyo nos conecta con un <\/span><b>tejido de iniciativas que trabajan, como nosotros, para construir una sociedad m\u00e1s humana, justa y solidaria<\/b><span style=\"font-weight: 400;\">. Nos sentimos parte de esta red y nos comprometemos a seguir sembrando v\u00ednculos, confianza y bienestar.<\/span><\/p>\n<p><span style=\"font-weight: 400;\">En la Associaci\u00f3 Saleses, creemos que cada gesto cuenta y que las grandes transformaciones empiezan con peque\u00f1as acciones cargadas de sentido. Y reconocimientos como este nos recuerdan que vamos por el buen camino.<\/span><\/p>\n<p><span style=\"font-weight: 400;\">Gracias por caminar a nuestro lado.<\/span><\/p>\n","protected":false},"excerpt":{"rendered":"<p>Nos hace mucha ilusi\u00f3n compartir una noticia que da sentido a nuestra labor y nos impulsa a continuarla con m\u00e1s compromiso que nunca: la Associaci\u00f3 Saleses ha sido una de las entidades beneficiarias de los Fondos de Acci\u00f3n Social de la Sagrada Familia. En su segunda convocatoria (correspondiente a 2024), el fondo ha aumentado un [&hellip;]<\/p>\n","protected":false},"author":2,"featured_media":2708,"comment_status":"open","ping_status":"open","sticky":false,"template":"","format":"standard","meta":{"footnotes":""},"categories":[1],"tags":[38,23,39,40,35,24],"class_list":["post-2710","post","type-post","status-publish","format-standard","has-post-thumbnail","hentry","category-noticias","tag-associacio-saleses-es","tag-associacio-saleses-2","tag-fons-daccio-social-es","tag-sagrada-familia-es","tag-saleses-es","tag-saleses-2"],"_links":{"self":[{"href":"https:\/\/saleses.org\/es\/wp-json\/wp\/v2\/posts\/2710","targetHints":{"allow":["GET"]}}],"collection":[{"href":"https:\/\/saleses.org\/es\/wp-json\/wp\/v2\/posts"}],"about":[{"href":"https:\/\/saleses.org\/es\/wp-json\/wp\/v2\/types\/post"}],"author":[{"embeddable":true,"href":"https:\/\/saleses.org\/es\/wp-json\/wp\/v2\/users\/2"}],"replies":[{"embeddable":true,"href":"https:\/\/saleses.org\/es\/wp-json\/wp\/v2\/comments?post=2710"}],"version-history":[{"count":2,"href":"https:\/\/saleses.org\/es\/wp-json\/wp\/v2\/posts\/2710\/revisions"}],"predecessor-version":[{"id":2712,"href":"https:\/\/saleses.org\/es\/wp-json\/wp\/v2\/posts\/2710\/revisions\/2712"}],"wp:featuredmedia":[{"embeddable":true,"href":"https:\/\/saleses.org\/es\/wp-json\/wp\/v2\/media\/2708"}],"wp:attachment":[{"href":"https:\/\/saleses.org\/es\/wp-json\/wp\/v2\/media?parent=2710"}],"wp:term":[{"taxonomy":"category","embeddable":true,"href":"https:\/\/saleses.org\/es\/wp-json\/wp\/v2\/categories?post=2710"},{"taxonomy":"post_tag","embeddable":true,"href":"https:\/\/saleses.org\/es\/wp-json\/wp\/v2\/tags?post=2710"}],"curies":[{"name":"wp","href":"https:\/\/api.w.org\/{rel}","templated":true}]}}