{"id":2720,"date":"2025-05-07T09:20:03","date_gmt":"2025-05-07T07:20:03","guid":{"rendered":"https:\/\/saleses.org\/mites-i-realitats-de-les-residencies-de-gent-gran\/"},"modified":"2025-05-07T10:11:09","modified_gmt":"2025-05-07T08:11:09","slug":"mites-i-realitats-de-les-residencies-de-gent-gran","status":"publish","type":"post","link":"https:\/\/saleses.org\/es\/mites-i-realitats-de-les-residencies-de-gent-gran\/","title":{"rendered":"Mitos y realidades de las residencias de personas mayores"},"content":{"rendered":"<p>En los \u00faltimos a\u00f1os, las residencias para personas mayores han estado a menudo en el centro del debate p\u00fablico. Lamentablemente, ese debate no siempre refleja fielmente la realidad de muchos centros, como es el caso de la Asociaci\u00f3n Saleses. A d\u00eda de hoy, siguen circulando una serie de mitos y frases hechas que no hacen justicia al trabajo, al compromiso y al acompa\u00f1amiento que ofrecemos desde la atenci\u00f3n residencial.<\/p>\n<p><strong>\u201cUna residencia es un lugar triste\u201d<\/strong><br \/>\nEste es quiz\u00e1 uno de los t\u00f3picos m\u00e1s extendidos. En Saleses, cada d\u00eda es una oportunidad para compartir, crear, aprender y, sobre todo, vivir. Organizamos actividades l\u00fadicas, salidas, talleres, celebraciones y espacios de escucha y relaci\u00f3n. Hay momentos para re\u00edr, para emocionarse y, tambi\u00e9n, para descansar, pero <strong>lo que nunca falta es calidez y vida compartida<\/strong>.<\/p>\n<p><strong>\u201cEn las residencias las personas pierden autonom\u00eda\u201d<\/strong><br \/>\nLa realidad es justo la contraria. Una de nuestras prioridades es <strong>fomentar al m\u00e1ximo la autonom\u00eda personal<\/strong>, respetando los ritmos, las preferencias y las capacidades de cada residente. A trav\u00e9s de la atenci\u00f3n centrada en la persona, el trabajo interdisciplinar y los apoyos necesarios, favorecemos que cada residente pueda seguir decidiendo, participando y manteniendo el control sobre su vida cotidiana.<\/p>\n<p><strong>\u201cCuando alguien entra en una residencia, la familia se aleja\u201d<\/strong><br \/>\nEn Saleses, la familia forma parte activa del d\u00eda a d\u00eda y es una pieza que consideramos absolutamente fundamental. <strong>Las visitas siempre son bienvenidas<\/strong>, la comunicaci\u00f3n es constante y el v\u00ednculo se mantiene \u2014y a menudo se refuerza\u2014 gracias a un entorno seguro, de confianza y con una atenci\u00f3n profesional y humana. Entendemos que el cuidado es una responsabilidad compartida, y tambi\u00e9n acompa\u00f1amos emocionalmente a las familias.<\/p>\n<p>Otras frases que hemos escuchado a menudo son \u201c<strong>todos hacen lo mismo<\/strong>\u201d, \u201c<strong>siempre se come lo mismo<\/strong>\u201d o \u201c<strong>no hay intimidad<\/strong>\u201d. En Saleses, cada persona es \u00fanica, y as\u00ed lo hacemos sentir. Ofrecemos men\u00fas personalizados, actividades diversas adaptadas a intereses y capacidades, y espacios privados que garantizan la dignidad y la intimidad en todo momento, siguiendo el modelo de unidades de convivencia.<\/p>\n<p>Las residencias son, hoy en d\u00eda, un recurso clave en el cuidado de las personas mayores. Lejos de ser un \u00faltimo paso, <strong>son espacios donde se puede seguir viviendo con calidad, seguridad y afecto<\/strong>. Desde Saleses, reivindicamos esta mirada y trabajamos cada d\u00eda para romper estereotipos.<\/p>\n<p>A la hora de escoger una residencia, es importante tenerlo todo en cuenta: que implementen un modelo de atenci\u00f3n centrada en la persona, que cuenten con peque\u00f1as unidades de convivencia, que ofrezcan un programa de actividades diverso. Y, sobre todo, que se visite la residencia antes de solicitar la plaza.<\/p>\n<p>Porque cuidar bien es tambi\u00e9n explicar bien qu\u00e9 hacemos y c\u00f3mo lo hacemos.<\/p>\n","protected":false},"excerpt":{"rendered":"<p>En los \u00faltimos a\u00f1os, las residencias para personas mayores han estado a menudo en el centro del debate p\u00fablico. Lamentablemente, ese debate no siempre refleja fielmente la realidad de muchos centros, como es el caso de la Asociaci\u00f3n Saleses. A d\u00eda de hoy, siguen circulando una serie de mitos y frases hechas que no hacen [&hellip;]<\/p>\n","protected":false},"author":2,"featured_media":2718,"comment_status":"open","ping_status":"open","sticky":false,"template":"","format":"standard","meta":{"footnotes":""},"categories":[1],"tags":[38,23,35,24],"class_list":["post-2720","post","type-post","status-publish","format-standard","has-post-thumbnail","hentry","category-noticias","tag-associacio-saleses-es","tag-associacio-saleses-2","tag-saleses-es","tag-saleses-2"],"_links":{"self":[{"href":"https:\/\/saleses.org\/es\/wp-json\/wp\/v2\/posts\/2720","targetHints":{"allow":["GET"]}}],"collection":[{"href":"https:\/\/saleses.org\/es\/wp-json\/wp\/v2\/posts"}],"about":[{"href":"https:\/\/saleses.org\/es\/wp-json\/wp\/v2\/types\/post"}],"author":[{"embeddable":true,"href":"https:\/\/saleses.org\/es\/wp-json\/wp\/v2\/users\/2"}],"replies":[{"embeddable":true,"href":"https:\/\/saleses.org\/es\/wp-json\/wp\/v2\/comments?post=2720"}],"version-history":[{"count":2,"href":"https:\/\/saleses.org\/es\/wp-json\/wp\/v2\/posts\/2720\/revisions"}],"predecessor-version":[{"id":2722,"href":"https:\/\/saleses.org\/es\/wp-json\/wp\/v2\/posts\/2720\/revisions\/2722"}],"wp:featuredmedia":[{"embeddable":true,"href":"https:\/\/saleses.org\/es\/wp-json\/wp\/v2\/media\/2718"}],"wp:attachment":[{"href":"https:\/\/saleses.org\/es\/wp-json\/wp\/v2\/media?parent=2720"}],"wp:term":[{"taxonomy":"category","embeddable":true,"href":"https:\/\/saleses.org\/es\/wp-json\/wp\/v2\/categories?post=2720"},{"taxonomy":"post_tag","embeddable":true,"href":"https:\/\/saleses.org\/es\/wp-json\/wp\/v2\/tags?post=2720"}],"curies":[{"name":"wp","href":"https:\/\/api.w.org\/{rel}","templated":true}]}}